{"id":705,"date":"2025-07-14T08:37:34","date_gmt":"2025-07-14T08:37:34","guid":{"rendered":"https:\/\/zahradapisnickaru.cz\/category\/aktulity\/?p=705"},"modified":"2025-07-14T08:37:35","modified_gmt":"2025-07-14T08:37:35","slug":"predstavujeme-finalisty","status":"publish","type":"post","link":"https:\/\/zahradapisnickaru.cz\/category\/aktulity\/aktulity\/predstavujeme-finalisty\/","title":{"rendered":"P\u0158EDSTAVUJEME FINALISTY"},"content":{"rendered":"\n<h2 class=\"wp-block-heading\">Kate\u0159ina Syrn\u00e1<\/h2>\n\n\n\n<p>Prvn\u00ed kytarov\u00e9 akordy se u\u010dila ve 12 letech, a to u\u017e za\u010daly tajn\u011b vznikat prvn\u00ed jednoduch\u00e9 p\u00edsni\u010dky do \u0161u\u009apl\u00edku. Na \u201egymplu\u201c si po\u0159\u00eddila elektrickou kytaru a za\u010dala hr\u00e1t v gar\u00e1\u017ei\u009e s partou kluk\u016f, kte\u0159\u00ed ji sezn\u00e1mili s u\u010ditelem kytary, pro ni velmi z\u00e1sadn\u00edm. D\u00edky n\u011bmu se sezn\u00e1mila s klasickou technikou hry, objevila jazzov\u00e9 harmonie a latinskoamerick\u00e9 rytmy.<\/p>\n\n\n\n<p>Kytara dlouho z\u016fst\u00e1vala jen velk\u00fdm kon\u00ed\u010dkem. Po narozen\u00ed dcery u\u017e nest\u00edhala hr\u00e1t a zkou\u0161et s kapelou, a tak za\u010dala vystupovat pouze sama. V\u00edce se zam\u011b\u0159ila na \u010desk\u00e9 texty, do nich\u017e vkl\u00e1d\u00e1 vlastn\u00ed pro\u017ei\u009e tky a pocity. V b\u0159eznu 2023 vyhr\u00e1la jiho\u010desk\u00e9 oblastn\u00ed kolo Porty a postoupila do fin\u00e1le v \u0158evnic\u00edch, odkud si p\u0159ivezla druh\u00e9 m\u00edsto. To ji p\u0159esv\u011bd\u010dilo, \u017ee\u009e v\u011bnov\u00e1n\u00ed se pln\u011b hudb\u011b m\u00e1 smysl. Opustila tedy sv\u016fj vystudovan\u00fd obor geod\u00e9zie a kartografie a vydala se hudebn\u00ed cestou coby u\u010ditelka hry na kytaru a p\u00edsni\u010dk\u00e1\u0159ka. Spolupracuje se zp\u011bva\u010dkou a skladatelkou Pavlou Ambro\u017eovou, s n\u00ed\u017e letos vyhr\u00e1ly jiho\u010desk\u00e9 kolo Porty a postup do n\u00e1rodn\u00edho kola.<\/p>\n\n\n\n<p>V\u00edce informaci naleznete na: <a href=\"https:\/\/www.katerinasyrna.cz\/\">www.katerinasyrna.cz\/<\/a><\/p>\n\n\n\n<figure class=\"wp-block-gallery has-nested-images columns-default is-cropped wp-block-gallery-1 is-layout-flex wp-block-gallery-is-layout-flex\">\n<figure class=\"wp-block-image size-large\"><img loading=\"lazy\" decoding=\"async\" width=\"683\" height=\"1024\" data-id=\"708\" src=\"https:\/\/zahradapisnickaru.cz\/wp-content\/uploads\/2025\/07\/KS3-683x1024.jpg\" alt=\"\" class=\"wp-image-708\" srcset=\"https:\/\/zahradapisnickaru.cz\/wp-content\/uploads\/2025\/07\/KS3-683x1024.jpg 683w, https:\/\/zahradapisnickaru.cz\/wp-content\/uploads\/2025\/07\/KS3-200x300.jpg 200w, https:\/\/zahradapisnickaru.cz\/wp-content\/uploads\/2025\/07\/KS3-768x1152.jpg 768w, https:\/\/zahradapisnickaru.cz\/wp-content\/uploads\/2025\/07\/KS3-1024x1536.jpg 1024w, https:\/\/zahradapisnickaru.cz\/wp-content\/uploads\/2025\/07\/KS3-1365x2048.jpg 1365w, https:\/\/zahradapisnickaru.cz\/wp-content\/uploads\/2025\/07\/KS3-300x450.jpg 300w, https:\/\/zahradapisnickaru.cz\/wp-content\/uploads\/2025\/07\/KS3-850x1275.jpg 850w, https:\/\/zahradapisnickaru.cz\/wp-content\/uploads\/2025\/07\/KS3-scaled.jpg 1707w\" sizes=\"auto, (max-width: 683px) 100vw, 683px\" \/><\/figure>\n\n\n\n<figure class=\"wp-block-image size-large\"><img loading=\"lazy\" decoding=\"async\" width=\"683\" height=\"1024\" data-id=\"709\" src=\"https:\/\/zahradapisnickaru.cz\/wp-content\/uploads\/2025\/07\/KS2-683x1024.jpg\" alt=\"\" class=\"wp-image-709\" srcset=\"https:\/\/zahradapisnickaru.cz\/wp-content\/uploads\/2025\/07\/KS2-683x1024.jpg 683w, https:\/\/zahradapisnickaru.cz\/wp-content\/uploads\/2025\/07\/KS2-200x300.jpg 200w, https:\/\/zahradapisnickaru.cz\/wp-content\/uploads\/2025\/07\/KS2-768x1152.jpg 768w, https:\/\/zahradapisnickaru.cz\/wp-content\/uploads\/2025\/07\/KS2-1024x1536.jpg 1024w, https:\/\/zahradapisnickaru.cz\/wp-content\/uploads\/2025\/07\/KS2-1365x2048.jpg 1365w, https:\/\/zahradapisnickaru.cz\/wp-content\/uploads\/2025\/07\/KS2-300x450.jpg 300w, https:\/\/zahradapisnickaru.cz\/wp-content\/uploads\/2025\/07\/KS2-850x1275.jpg 850w, https:\/\/zahradapisnickaru.cz\/wp-content\/uploads\/2025\/07\/KS2-scaled.jpg 1707w\" sizes=\"auto, (max-width: 683px) 100vw, 683px\" \/><\/figure>\n\n\n\n<figure class=\"wp-block-image size-large\"><img loading=\"lazy\" decoding=\"async\" width=\"683\" height=\"1024\" data-id=\"707\" src=\"https:\/\/zahradapisnickaru.cz\/wp-content\/uploads\/2025\/07\/KS1-683x1024.jpg\" alt=\"\" class=\"wp-image-707\" srcset=\"https:\/\/zahradapisnickaru.cz\/wp-content\/uploads\/2025\/07\/KS1-683x1024.jpg 683w, https:\/\/zahradapisnickaru.cz\/wp-content\/uploads\/2025\/07\/KS1-200x300.jpg 200w, https:\/\/zahradapisnickaru.cz\/wp-content\/uploads\/2025\/07\/KS1-768x1152.jpg 768w, https:\/\/zahradapisnickaru.cz\/wp-content\/uploads\/2025\/07\/KS1-1024x1536.jpg 1024w, https:\/\/zahradapisnickaru.cz\/wp-content\/uploads\/2025\/07\/KS1-1365x2048.jpg 1365w, https:\/\/zahradapisnickaru.cz\/wp-content\/uploads\/2025\/07\/KS1-300x450.jpg 300w, https:\/\/zahradapisnickaru.cz\/wp-content\/uploads\/2025\/07\/KS1-850x1275.jpg 850w, https:\/\/zahradapisnickaru.cz\/wp-content\/uploads\/2025\/07\/KS1-scaled.jpg 1707w\" sizes=\"auto, (max-width: 683px) 100vw, 683px\" \/><\/figure>\n<\/figure>\n","protected":false},"excerpt":{"rendered":"<p>P\u00edsni\u010dk\u00e1\u0159ka Kate\u0159ina Syrn\u00e1 poch\u00e1z\u00ed z T\u00e1bora. Miluje jazz, samby a bossanovy a v jej\u00ed autorsk\u00e9 tvorb\u011b je to zn\u00e1t. Konkurzu Zahrady p\u00edsni\u010dk\u00e1\u0159\u016f se z\u00fa\u010dastnila poprv\u00e9 a hned usp\u011b\u0161n\u011b!<\/p>\n","protected":false},"author":2,"featured_media":706,"comment_status":"closed","ping_status":"open","sticky":false,"template":"","format":"standard","meta":{"footnotes":""},"categories":[7,11],"tags":[10],"class_list":["post-705","post","type-post","status-publish","format-standard","has-post-thumbnail","hentry","category-aktulity","category-finaliste-zahrady-pisnickaru-2025","tag-finaliste-2025"],"yoast_head":"<!-- This site is optimized with the Yoast SEO plugin v24.4 - https:\/\/yoast.com\/wordpress\/plugins\/seo\/ -->\n<title>P\u0158EDSTAVUJEME FINALISTY - Zahrada p\u00edsni\u010dk\u00e1r\u016f<\/title>\n<meta name=\"robots\" content=\"index, follow, max-snippet:-1, max-image-preview:large, max-video-preview:-1\" \/>\n<link rel=\"canonical\" href=\"https:\/\/zahradapisnickaru.cz\/category\/aktulity\/aktulity\/predstavujeme-finalisty\/\" \/>\n<meta property=\"og:locale\" content=\"cs_CZ\" \/>\n<meta property=\"og:type\" content=\"article\" \/>\n<meta property=\"og:title\" content=\"P\u0158EDSTAVUJEME FINALISTY - Zahrada p\u00edsni\u010dk\u00e1r\u016f\" \/>\n<meta property=\"og:description\" content=\"P\u00edsni\u010dk\u00e1\u0159ka Kate\u0159ina Syrn\u00e1 poch\u00e1z\u00ed z T\u00e1bora. Miluje jazz, samby a bossanovy a v jej\u00ed autorsk\u00e9 tvorb\u011b je to zn\u00e1t. Konkurzu Zahrady p\u00edsni\u010dk\u00e1\u0159\u016f se z\u00fa\u010dastnila poprv\u00e9 a hned usp\u011b\u0161n\u011b!\" \/>\n<meta property=\"og:url\" content=\"https:\/\/zahradapisnickaru.cz\/category\/aktulity\/aktulity\/predstavujeme-finalisty\/\" \/>\n<meta property=\"og:site_name\" content=\"Zahrada p\u00edsni\u010dk\u00e1r\u016f\" \/>\n<meta property=\"article:publisher\" content=\"https:\/\/www.facebook.com\/zahradapisnickaru\/\" \/>\n<meta property=\"article:published_time\" content=\"2025-07-14T08:37:34+00:00\" \/>\n<meta property=\"article:modified_time\" content=\"2025-07-14T08:37:35+00:00\" \/>\n<meta property=\"og:image\" content=\"https:\/\/zahradapisnickaru.cz\/wp-content\/uploads\/2025\/07\/KS1_nahled-scaled.jpg\" \/>\n\t<meta property=\"og:image:width\" content=\"2560\" \/>\n\t<meta property=\"og:image:height\" content=\"1440\" \/>\n\t<meta property=\"og:image:type\" content=\"image\/jpeg\" \/>\n<meta name=\"author\" content=\"Pavel Strako\u0161\" \/>\n<meta name=\"twitter:card\" content=\"summary_large_image\" \/>\n<meta name=\"twitter:label1\" content=\"Napsal(a)\" \/>\n\t<meta name=\"twitter:data1\" content=\"Pavel Strako\u0161\" \/>\n\t<meta name=\"twitter:label2\" content=\"Odhadovan\u00e1 doba \u010dten\u00ed\" \/>\n\t<meta name=\"twitter:data2\" content=\"2 minuty\" \/>\n<script type=\"application\/ld+json\" class=\"yoast-schema-graph\">{\"@context\":\"https:\/\/schema.org\",\"@graph\":[{\"@type\":\"Article\",\"@id\":\"https:\/\/zahradapisnickaru.cz\/category\/aktulity\/aktulity\/predstavujeme-finalisty\/#article\",\"isPartOf\":{\"@id\":\"https:\/\/zahradapisnickaru.cz\/category\/aktulity\/aktulity\/predstavujeme-finalisty\/\"},\"author\":{\"name\":\"Pavel Strako\u0161\",\"@id\":\"https:\/\/zahradapisnickaru.cz\/category\/aktulity\/#\/schema\/person\/25d4e9c98a541f257b2a91e898da15e2\"},\"headline\":\"P\u0158EDSTAVUJEME FINALISTY\",\"datePublished\":\"2025-07-14T08:37:34+00:00\",\"dateModified\":\"2025-07-14T08:37:35+00:00\",\"mainEntityOfPage\":{\"@id\":\"https:\/\/zahradapisnickaru.cz\/category\/aktulity\/aktulity\/predstavujeme-finalisty\/\"},\"wordCount\":227,\"publisher\":{\"@id\":\"https:\/\/zahradapisnickaru.cz\/category\/aktulity\/#organization\"},\"image\":{\"@id\":\"https:\/\/zahradapisnickaru.cz\/category\/aktulity\/aktulity\/predstavujeme-finalisty\/#primaryimage\"},\"thumbnailUrl\":\"https:\/\/zahradapisnickaru.cz\/wp-content\/uploads\/2025\/07\/KS1_nahled-scaled.jpg\",\"keywords\":[\"Finalist\u00e9 2025\"],\"articleSection\":[\"Aktuality\",\"Finalist\u00e9 Zahrady p\u00edsni\u010dk\u00e1\u0159\u016f 2025\"],\"inLanguage\":\"cs\"},{\"@type\":\"WebPage\",\"@id\":\"https:\/\/zahradapisnickaru.cz\/category\/aktulity\/aktulity\/predstavujeme-finalisty\/\",\"url\":\"https:\/\/zahradapisnickaru.cz\/category\/aktulity\/aktulity\/predstavujeme-finalisty\/\",\"name\":\"P\u0158EDSTAVUJEME FINALISTY - Zahrada p\u00edsni\u010dk\u00e1r\u016f\",\"isPartOf\":{\"@id\":\"https:\/\/zahradapisnickaru.cz\/category\/aktulity\/#website\"},\"primaryImageOfPage\":{\"@id\":\"https:\/\/zahradapisnickaru.cz\/category\/aktulity\/aktulity\/predstavujeme-finalisty\/#primaryimage\"},\"image\":{\"@id\":\"https:\/\/zahradapisnickaru.cz\/category\/aktulity\/aktulity\/predstavujeme-finalisty\/#primaryimage\"},\"thumbnailUrl\":\"https:\/\/zahradapisnickaru.cz\/wp-content\/uploads\/2025\/07\/KS1_nahled-scaled.jpg\",\"datePublished\":\"2025-07-14T08:37:34+00:00\",\"dateModified\":\"2025-07-14T08:37:35+00:00\",\"breadcrumb\":{\"@id\":\"https:\/\/zahradapisnickaru.cz\/category\/aktulity\/aktulity\/predstavujeme-finalisty\/#breadcrumb\"},\"inLanguage\":\"cs\",\"potentialAction\":[{\"@type\":\"ReadAction\",\"target\":[\"https:\/\/zahradapisnickaru.cz\/category\/aktulity\/aktulity\/predstavujeme-finalisty\/\"]}]},{\"@type\":\"ImageObject\",\"inLanguage\":\"cs\",\"@id\":\"https:\/\/zahradapisnickaru.cz\/category\/aktulity\/aktulity\/predstavujeme-finalisty\/#primaryimage\",\"url\":\"https:\/\/zahradapisnickaru.cz\/wp-content\/uploads\/2025\/07\/KS1_nahled-scaled.jpg\",\"contentUrl\":\"https:\/\/zahradapisnickaru.cz\/wp-content\/uploads\/2025\/07\/KS1_nahled-scaled.jpg\",\"width\":2560,\"height\":1440},{\"@type\":\"BreadcrumbList\",\"@id\":\"https:\/\/zahradapisnickaru.cz\/category\/aktulity\/aktulity\/predstavujeme-finalisty\/#breadcrumb\",\"itemListElement\":[{\"@type\":\"ListItem\",\"position\":1,\"name\":\"Dom\u016f\",\"item\":\"https:\/\/zahradapisnickaru.cz\/category\/aktulity\/\"},{\"@type\":\"ListItem\",\"position\":2,\"name\":\"P\u0158EDSTAVUJEME FINALISTY\"}]},{\"@type\":\"WebSite\",\"@id\":\"https:\/\/zahradapisnickaru.cz\/category\/aktulity\/#website\",\"url\":\"https:\/\/zahradapisnickaru.cz\/category\/aktulity\/\",\"name\":\"Zahrada p\u00edsni\u010dk\u00e1r\u016f\",\"description\":\"konkurzn\u00ed festival televize Noe ur\u010den\u00fd p\u00edsni\u010dk\u00e1\u0159\u016fm a p\u00edsni\u010dk\u00e1\u0159sk\u00fdm dvojic\u00edm\",\"publisher\":{\"@id\":\"https:\/\/zahradapisnickaru.cz\/category\/aktulity\/#organization\"},\"potentialAction\":[{\"@type\":\"SearchAction\",\"target\":{\"@type\":\"EntryPoint\",\"urlTemplate\":\"https:\/\/zahradapisnickaru.cz\/category\/aktulity\/?s={search_term_string}\"},\"query-input\":{\"@type\":\"PropertyValueSpecification\",\"valueRequired\":true,\"valueName\":\"search_term_string\"}}],\"inLanguage\":\"cs\"},{\"@type\":\"Organization\",\"@id\":\"https:\/\/zahradapisnickaru.cz\/category\/aktulity\/#organization\",\"name\":\"Zahrada p\u00edsni\u010dk\u00e1r\u016f\",\"url\":\"https:\/\/zahradapisnickaru.cz\/category\/aktulity\/\",\"logo\":{\"@type\":\"ImageObject\",\"inLanguage\":\"cs\",\"@id\":\"https:\/\/zahradapisnickaru.cz\/category\/aktulity\/#\/schema\/logo\/image\/\",\"url\":\"https:\/\/zahradapisnickaru.cz\/wp-content\/uploads\/2023\/02\/logo_zahrada_pisnickaru.png\",\"contentUrl\":\"https:\/\/zahradapisnickaru.cz\/wp-content\/uploads\/2023\/02\/logo_zahrada_pisnickaru.png\",\"width\":300,\"height\":300,\"caption\":\"Zahrada p\u00edsni\u010dk\u00e1r\u016f\"},\"image\":{\"@id\":\"https:\/\/zahradapisnickaru.cz\/category\/aktulity\/#\/schema\/logo\/image\/\"},\"sameAs\":[\"https:\/\/www.facebook.com\/zahradapisnickaru\/\"]},{\"@type\":\"Person\",\"@id\":\"https:\/\/zahradapisnickaru.cz\/category\/aktulity\/#\/schema\/person\/25d4e9c98a541f257b2a91e898da15e2\",\"name\":\"Pavel Strako\u0161\",\"image\":{\"@type\":\"ImageObject\",\"inLanguage\":\"cs\",\"@id\":\"https:\/\/zahradapisnickaru.cz\/category\/aktulity\/#\/schema\/person\/image\/\",\"url\":\"https:\/\/secure.gravatar.com\/avatar\/8d4760e59b3e13b8d3889715d604a435?s=96&d=mm&r=g\",\"contentUrl\":\"https:\/\/secure.gravatar.com\/avatar\/8d4760e59b3e13b8d3889715d604a435?s=96&d=mm&r=g\",\"caption\":\"Pavel Strako\u0161\"},\"url\":\"https:\/\/zahradapisnickaru.cz\/category\/aktulity\/author\/pavel\/\"}]}<\/script>\n<!-- \/ Yoast SEO plugin. -->","yoast_head_json":{"title":"P\u0158EDSTAVUJEME FINALISTY - Zahrada p\u00edsni\u010dk\u00e1r\u016f","robots":{"index":"index","follow":"follow","max-snippet":"max-snippet:-1","max-image-preview":"max-image-preview:large","max-video-preview":"max-video-preview:-1"},"canonical":"https:\/\/zahradapisnickaru.cz\/category\/aktulity\/aktulity\/predstavujeme-finalisty\/","og_locale":"cs_CZ","og_type":"article","og_title":"P\u0158EDSTAVUJEME FINALISTY - Zahrada p\u00edsni\u010dk\u00e1r\u016f","og_description":"P\u00edsni\u010dk\u00e1\u0159ka Kate\u0159ina Syrn\u00e1 poch\u00e1z\u00ed z T\u00e1bora. Miluje jazz, samby a bossanovy a v jej\u00ed autorsk\u00e9 tvorb\u011b je to zn\u00e1t. Konkurzu Zahrady p\u00edsni\u010dk\u00e1\u0159\u016f se z\u00fa\u010dastnila poprv\u00e9 a hned usp\u011b\u0161n\u011b!","og_url":"https:\/\/zahradapisnickaru.cz\/category\/aktulity\/aktulity\/predstavujeme-finalisty\/","og_site_name":"Zahrada p\u00edsni\u010dk\u00e1r\u016f","article_publisher":"https:\/\/www.facebook.com\/zahradapisnickaru\/","article_published_time":"2025-07-14T08:37:34+00:00","article_modified_time":"2025-07-14T08:37:35+00:00","og_image":[{"width":2560,"height":1440,"url":"https:\/\/zahradapisnickaru.cz\/wp-content\/uploads\/2025\/07\/KS1_nahled-scaled.jpg","type":"image\/jpeg"}],"author":"Pavel Strako\u0161","twitter_card":"summary_large_image","twitter_misc":{"Napsal(a)":"Pavel Strako\u0161","Odhadovan\u00e1 doba \u010dten\u00ed":"2 minuty"},"schema":{"@context":"https:\/\/schema.org","@graph":[{"@type":"Article","@id":"https:\/\/zahradapisnickaru.cz\/category\/aktulity\/aktulity\/predstavujeme-finalisty\/#article","isPartOf":{"@id":"https:\/\/zahradapisnickaru.cz\/category\/aktulity\/aktulity\/predstavujeme-finalisty\/"},"author":{"name":"Pavel Strako\u0161","@id":"https:\/\/zahradapisnickaru.cz\/category\/aktulity\/#\/schema\/person\/25d4e9c98a541f257b2a91e898da15e2"},"headline":"P\u0158EDSTAVUJEME FINALISTY","datePublished":"2025-07-14T08:37:34+00:00","dateModified":"2025-07-14T08:37:35+00:00","mainEntityOfPage":{"@id":"https:\/\/zahradapisnickaru.cz\/category\/aktulity\/aktulity\/predstavujeme-finalisty\/"},"wordCount":227,"publisher":{"@id":"https:\/\/zahradapisnickaru.cz\/category\/aktulity\/#organization"},"image":{"@id":"https:\/\/zahradapisnickaru.cz\/category\/aktulity\/aktulity\/predstavujeme-finalisty\/#primaryimage"},"thumbnailUrl":"https:\/\/zahradapisnickaru.cz\/wp-content\/uploads\/2025\/07\/KS1_nahled-scaled.jpg","keywords":["Finalist\u00e9 2025"],"articleSection":["Aktuality","Finalist\u00e9 Zahrady p\u00edsni\u010dk\u00e1\u0159\u016f 2025"],"inLanguage":"cs"},{"@type":"WebPage","@id":"https:\/\/zahradapisnickaru.cz\/category\/aktulity\/aktulity\/predstavujeme-finalisty\/","url":"https:\/\/zahradapisnickaru.cz\/category\/aktulity\/aktulity\/predstavujeme-finalisty\/","name":"P\u0158EDSTAVUJEME FINALISTY - Zahrada p\u00edsni\u010dk\u00e1r\u016f","isPartOf":{"@id":"https:\/\/zahradapisnickaru.cz\/category\/aktulity\/#website"},"primaryImageOfPage":{"@id":"https:\/\/zahradapisnickaru.cz\/category\/aktulity\/aktulity\/predstavujeme-finalisty\/#primaryimage"},"image":{"@id":"https:\/\/zahradapisnickaru.cz\/category\/aktulity\/aktulity\/predstavujeme-finalisty\/#primaryimage"},"thumbnailUrl":"https:\/\/zahradapisnickaru.cz\/wp-content\/uploads\/2025\/07\/KS1_nahled-scaled.jpg","datePublished":"2025-07-14T08:37:34+00:00","dateModified":"2025-07-14T08:37:35+00:00","breadcrumb":{"@id":"https:\/\/zahradapisnickaru.cz\/category\/aktulity\/aktulity\/predstavujeme-finalisty\/#breadcrumb"},"inLanguage":"cs","potentialAction":[{"@type":"ReadAction","target":["https:\/\/zahradapisnickaru.cz\/category\/aktulity\/aktulity\/predstavujeme-finalisty\/"]}]},{"@type":"ImageObject","inLanguage":"cs","@id":"https:\/\/zahradapisnickaru.cz\/category\/aktulity\/aktulity\/predstavujeme-finalisty\/#primaryimage","url":"https:\/\/zahradapisnickaru.cz\/wp-content\/uploads\/2025\/07\/KS1_nahled-scaled.jpg","contentUrl":"https:\/\/zahradapisnickaru.cz\/wp-content\/uploads\/2025\/07\/KS1_nahled-scaled.jpg","width":2560,"height":1440},{"@type":"BreadcrumbList","@id":"https:\/\/zahradapisnickaru.cz\/category\/aktulity\/aktulity\/predstavujeme-finalisty\/#breadcrumb","itemListElement":[{"@type":"ListItem","position":1,"name":"Dom\u016f","item":"https:\/\/zahradapisnickaru.cz\/category\/aktulity\/"},{"@type":"ListItem","position":2,"name":"P\u0158EDSTAVUJEME FINALISTY"}]},{"@type":"WebSite","@id":"https:\/\/zahradapisnickaru.cz\/category\/aktulity\/#website","url":"https:\/\/zahradapisnickaru.cz\/category\/aktulity\/","name":"Zahrada p\u00edsni\u010dk\u00e1r\u016f","description":"konkurzn\u00ed festival televize Noe ur\u010den\u00fd p\u00edsni\u010dk\u00e1\u0159\u016fm a p\u00edsni\u010dk\u00e1\u0159sk\u00fdm dvojic\u00edm","publisher":{"@id":"https:\/\/zahradapisnickaru.cz\/category\/aktulity\/#organization"},"potentialAction":[{"@type":"SearchAction","target":{"@type":"EntryPoint","urlTemplate":"https:\/\/zahradapisnickaru.cz\/category\/aktulity\/?s={search_term_string}"},"query-input":{"@type":"PropertyValueSpecification","valueRequired":true,"valueName":"search_term_string"}}],"inLanguage":"cs"},{"@type":"Organization","@id":"https:\/\/zahradapisnickaru.cz\/category\/aktulity\/#organization","name":"Zahrada p\u00edsni\u010dk\u00e1r\u016f","url":"https:\/\/zahradapisnickaru.cz\/category\/aktulity\/","logo":{"@type":"ImageObject","inLanguage":"cs","@id":"https:\/\/zahradapisnickaru.cz\/category\/aktulity\/#\/schema\/logo\/image\/","url":"https:\/\/zahradapisnickaru.cz\/wp-content\/uploads\/2023\/02\/logo_zahrada_pisnickaru.png","contentUrl":"https:\/\/zahradapisnickaru.cz\/wp-content\/uploads\/2023\/02\/logo_zahrada_pisnickaru.png","width":300,"height":300,"caption":"Zahrada p\u00edsni\u010dk\u00e1r\u016f"},"image":{"@id":"https:\/\/zahradapisnickaru.cz\/category\/aktulity\/#\/schema\/logo\/image\/"},"sameAs":["https:\/\/www.facebook.com\/zahradapisnickaru\/"]},{"@type":"Person","@id":"https:\/\/zahradapisnickaru.cz\/category\/aktulity\/#\/schema\/person\/25d4e9c98a541f257b2a91e898da15e2","name":"Pavel Strako\u0161","image":{"@type":"ImageObject","inLanguage":"cs","@id":"https:\/\/zahradapisnickaru.cz\/category\/aktulity\/#\/schema\/person\/image\/","url":"https:\/\/secure.gravatar.com\/avatar\/8d4760e59b3e13b8d3889715d604a435?s=96&d=mm&r=g","contentUrl":"https:\/\/secure.gravatar.com\/avatar\/8d4760e59b3e13b8d3889715d604a435?s=96&d=mm&r=g","caption":"Pavel Strako\u0161"},"url":"https:\/\/zahradapisnickaru.cz\/category\/aktulity\/author\/pavel\/"}]}},"_links":{"self":[{"href":"https:\/\/zahradapisnickaru.cz\/category\/aktulity\/wp-json\/wp\/v2\/posts\/705","targetHints":{"allow":["GET"]}}],"collection":[{"href":"https:\/\/zahradapisnickaru.cz\/category\/aktulity\/wp-json\/wp\/v2\/posts"}],"about":[{"href":"https:\/\/zahradapisnickaru.cz\/category\/aktulity\/wp-json\/wp\/v2\/types\/post"}],"author":[{"embeddable":true,"href":"https:\/\/zahradapisnickaru.cz\/category\/aktulity\/wp-json\/wp\/v2\/users\/2"}],"replies":[{"embeddable":true,"href":"https:\/\/zahradapisnickaru.cz\/category\/aktulity\/wp-json\/wp\/v2\/comments?post=705"}],"version-history":[{"count":6,"href":"https:\/\/zahradapisnickaru.cz\/category\/aktulity\/wp-json\/wp\/v2\/posts\/705\/revisions"}],"predecessor-version":[{"id":736,"href":"https:\/\/zahradapisnickaru.cz\/category\/aktulity\/wp-json\/wp\/v2\/posts\/705\/revisions\/736"}],"wp:featuredmedia":[{"embeddable":true,"href":"https:\/\/zahradapisnickaru.cz\/category\/aktulity\/wp-json\/wp\/v2\/media\/706"}],"wp:attachment":[{"href":"https:\/\/zahradapisnickaru.cz\/category\/aktulity\/wp-json\/wp\/v2\/media?parent=705"}],"wp:term":[{"taxonomy":"category","embeddable":true,"href":"https:\/\/zahradapisnickaru.cz\/category\/aktulity\/wp-json\/wp\/v2\/categories?post=705"},{"taxonomy":"post_tag","embeddable":true,"href":"https:\/\/zahradapisnickaru.cz\/category\/aktulity\/wp-json\/wp\/v2\/tags?post=705"}],"curies":[{"name":"wp","href":"https:\/\/api.w.org\/{rel}","templated":true}]}}